{"id":703,"date":"2015-12-21T17:45:31","date_gmt":"2015-12-21T17:45:31","guid":{"rendered":"http:\/\/z92635x3.bget.ru\/wordpress\/?p=703"},"modified":"2015-12-21T17:45:31","modified_gmt":"2015-12-21T17:45:31","slug":"conseil-regional-normandie","status":"publish","type":"post","link":"http:\/\/z92635x3.bget.ru\/wordpress\/2015\/12\/21\/conseil-regional-normandie\/","title":{"rendered":"Conseil R\u00e9gional Normandie"},"content":{"rendered":"<p>Lassembl\u00e9e du Conseil r\u00e9gional, instance de d\u00e9lib\u00e9ration de la R\u00e9gion Basse-Normandie, est compos\u00e9e de 47 conseillers r\u00e9gionaux qui ont \u00e9t\u00e9 \u00e9lus, aux Cette page doit vous permettre den savoir plus sur la composition du Conseil R\u00e9gional de Basse Normandie. Vous trouverez ici, les noms des \u00e9lus si\u00e9geant \u00e0 2 Les chiffres-cl\u00e9s de la r\u00e9gion Basse-Normandie Basse-Normandie. France. Source: Conseil r\u00e9gional de Basse-Normandie. Formation professionnelle et La R\u00e9gion Basse-Normandie sest dot\u00e9e dun Agenda 21 en concertation avec. \u00c0 partir de sources renouvelables, est favoris\u00e9e par le conseil r\u00e9gional Le Conseil R\u00e9gional de Haute Normandie finance le Programme R\u00e9gional de Formation Professionnelle continue. Il comporte deux grands types dactions: 15 mars 2014. Les pronostics, partants et statistiques du Prix du Conseil R\u00e9gional de Basse-Normandie de la r\u00e9union PMU \u00e0 Lisieux le 15 mars 2014 support D\u00e9couvrez tous nos conseils pour la cr\u00e9ation, la cession ou m\u00eame le rachat dentreprise en Basse. Les Aides \u00e0 la cr\u00e9ation dentreprise en Basse-Normandie. Les pr\u00eats. DRDFE D\u00e9l\u00e9gation R\u00e9gionale aux Droits des Femmes et \u00e0 lEgalit\u00e9 Devenir aide-soignante ou infirmiere en Basse-Normandie: la R\u00e9gion vous soutient. La R\u00e9gion finance les IFSI et IFAS. La R\u00e9gion prend en charge les frais Conseil R\u00e9gional de Haute-Normandie: 5 rue Robert Schuman, BP1129, 76174, Rouen, Haute-Normandie, Seine-Maritime 12 sept 2009. Le logo du Conseil r\u00e9gional de Basse-Normandie repr\u00e9sente un drakkar vert rappelant les anciens Normands et la silhouette de la r\u00e9gion Annuaire de tous les architectes fran\u00e7ais. Role de larchitecte, garanties et services offerts. Organisation de lOrdre, textes regissant la profession darchitecte D\u00e9couvrez Silver Normandie. Bien vieillir made in Normandie : les ambitions et les actions de la premi\u00e8re Silver R\u00e9gion fran\u00e7aise. Capture-site-FFWD La chambre r\u00e9gionale des comptes de Basse-Normandie, Haute-Normandie a tenu une nouvelle audience solennelle le 10 octobre 2014 afin de recevoir le 30 ao\u00fbt 2010. Le SI a \u00e9t\u00e9 pens\u00e9 de mani\u00e8re \u00e0 optimiser les ressources humaines du Conseil r\u00e9gional. Lors de la construction du SI, l\u00e9quipe projet a choisi  12 sept 2013. Le pr\u00e9sident socialiste de la r\u00e9gion Haute-Normandie, Alain Le Vern, a annonc\u00e9 ce jeudi sa d\u00e9mission de tous ses mandats, expliquant CR Rouen-Conseil R\u00e9gional de Haute Normandie 76: adresse, plan, horaires douverture, coordonn\u00e9es, t\u00e9l\u00e9phone et email sur aladom 8 nov 2011. APPEL \u00c0 PROJET DU CONSEIL R\u00c9GIONAL-ESS. Site internet de la R\u00e9gion www Region-basse-normandie. Fr rubrique appels \u00e0 projets <img decoding=\"async\" src=\"http:\/\/p4.storage.canalblog.com\/47\/07\/20815\/76757116.jpeg\" alt=\"conseil r\u00e9gional normandie\" align=\"right\"> <img decoding=\"async\" src=\"http:\/\/www.letudiant.fr\/static\/uploads\/tp3\/rte\/RTEmagicC_Corinne-feret.jpg.jpg\" alt=\"conseil r\u00e9gional normandie\" align=\"right\"> Malgr\u00e9 la fermeture du Creps, d\u00e9cid\u00e9e par lEtat, le Conseil r\u00e9gional et les collectivit\u00e9s locales ont souhait\u00e9 une continuit\u00e9 \u00e0 son action. Un ensemble de Votre conseil r\u00e9gional. Carte de Basse-Normandie Maison des Professions Lib\u00e9rales 11 13, Rue du Colonel R\u00e9my BP 35363 14053 Caen Cedex 4. Localiser Publi\u00e9 par haute-normandie-apprentissage Aides r\u00e9gionales pour les apprentis. Est consultable sur le site du Conseil R\u00e9gional Ile de France voir lien joint 17 juin 2013. A loccasion du festival Normandie Impressionniste, le Conseil R\u00e9gional de Basse-Normandie vous invite \u00e0 d\u00e9couvrir trois expositions R\u00e9pondant au souci partag\u00e9 de d\u00e9velopper la pratique des activit\u00e9s sportives dans notre r\u00e9gion, l\u00c9tat, le Conseil R\u00e9gional, les Conseils G\u00e9n\u00e9raux de lEure et 1 oct 2014. \u00c9lections 2014 du Conseil R\u00e9gional dOrientation du CNFPT pour la Haute-Normandie. Rubrique cr\u00e9\u00e9e le 01102014 Mise \u00e0 jour le 0110 <img decoding=\"async\" src=\"http:\/\/ekladata.com\/p9P-ppRLdNcmtv33MiraecUsZL8.jpg\" alt=\"conseil r\u00e9gional normandie\" align=\"center\">.<\/p>\n","protected":false},"excerpt":{"rendered":"<p>Lassembl\u00e9e du Conseil r\u00e9gional, instance de d\u00e9lib\u00e9ration de la R\u00e9gion Basse-Normandie, est compos\u00e9e de 47 conseillers r\u00e9gionaux qui ont \u00e9t\u00e9 \u00e9lus, aux Cette page doit vous permettre den savoir plus <a href=\"http:\/\/z92635x3.bget.ru\/wordpress\/2015\/12\/21\/conseil-regional-normandie\/\" class=\"more-link\">[&hellip;]<\/a\n<\/p>\n","protected":false},"author":1,"featured_media":0,"comment_status":"closed","ping_status":"closed","sticky":false,"template":"","format":"standard","meta":[],"categories":[1],"tags":[],"_links":{"self":[{"href":"http:\/\/z92635x3.bget.ru\/wordpress\/wp-json\/wp\/v2\/posts\/703"}],"collection":[{"href":"http:\/\/z92635x3.bget.ru\/wordpress\/wp-json\/wp\/v2\/posts"}],"about":[{"href":"http:\/\/z92635x3.bget.ru\/wordpress\/wp-json\/wp\/v2\/types\/post"}],"author":[{"embeddable":true,"href":"http:\/\/z92635x3.bget.ru\/wordpress\/wp-json\/wp\/v2\/users\/1"}],"replies":[{"embeddable":true,"href":"http:\/\/z92635x3.bget.ru\/wordpress\/wp-json\/wp\/v2\/comments?post=703"}],"version-history":[{"count":1,"href":"http:\/\/z92635x3.bget.ru\/wordpress\/wp-json\/wp\/v2\/posts\/703\/revisions"}],"predecessor-version":[{"id":704,"href":"http:\/\/z92635x3.bget.ru\/wordpress\/wp-json\/wp\/v2\/posts\/703\/revisions\/704"}],"wp:attachment":[{"href":"http:\/\/z92635x3.bget.ru\/wordpress\/wp-json\/wp\/v2\/media?parent=703"}],"wp:term":[{"taxonomy":"category","embeddable":true,"href":"http:\/\/z92635x3.bget.ru\/wordpress\/wp-json\/wp\/v2\/categories?post=703"},{"taxonomy":"post_tag","embeddable":true,"href":"http:\/\/z92635x3.bget.ru\/wordpress\/wp-json\/wp\/v2\/tags?post=703"}],"curies":[{"name":"wp","href":"https:\/\/api.w.org\/{rel}","templated":true}]}}