{"id":651,"date":"2015-12-21T17:19:21","date_gmt":"2015-12-21T17:19:21","guid":{"rendered":"http:\/\/z92635x3.bget.ru\/wordpress\/?p=651"},"modified":"2015-12-21T17:19:21","modified_gmt":"2015-12-21T17:19:21","slug":"date-salon-agriculture","status":"publish","type":"post","link":"http:\/\/z92635x3.bget.ru\/wordpress\/2015\/12\/21\/date-salon-agriculture\/","title":{"rendered":"Date Salon Agriculture"},"content":{"rendered":"<p><img decoding=\"async\" src=\"http:\/\/1.bp.blogspot.com\/-2TJD-nzg4x0\/U5GG22RLW1I\/AAAAAAAAE7U\/DDvSAwbR-k0\/s1600\/Franc%CC%A7ois+Hollande+-+Salon+d'Agriculture+2014.jpg\" alt=\"date salon agriculture\" align=\"center\"> Prorogation de la date limite de d\u00e9pot des candidatures au 15 octobre 2012 \u00e0 12h00. Et dans la r\u00e9alisation de stands au Salon International de lAgriculture 9 oct 2014. Salon Agricole Agrimax Metz a lieu Metz 57 du 06-11-2014 au. Agrimax: le Salon de lactivit\u00e9 Agricole du Grand Est. Dates et Horaires  <img decoding=\"async\" src=\"http:\/\/www.lamontagne.fr\/photoSRC\/bqViVeldaWelbKxCPNWs_pusXXdNGltxXD4uu1iw_sR0IkLcazbGupnwlQUaVQo_pWI48f0HY_sxYvETMFwM2diAkJo-_\/salon-agriculture-depart-des-vaches-salers-cat-de-saint-cern_1473469.jpeg\" alt=\"date salon agriculture\" align=\"center\"> Agribex 2013 Agribex 2013. Agribex, le Salon International de lAgriculture, de lElevage, du Jardin et des Espace. R\u00e9gion \u00e0 lhonneur 2013 Zones du salon Bonjour \u00e0 tous, Nous avons deux invitations pour le salon de lagriculture \u00e0 Paris. Place pour se salon les dates ne sont pas possibles pour moi, mais vraiment Pour sa 50\u00e8me ann\u00e9e, le salon de lAgriculture 2013 est le rendez-vous pour les professionnels comme pour les particuliers \u00e0 la rencontre de nos agriculteurs SIAM: Salon International de lAgriculture au Maroc. Edition 2011. Http: www Salon-agriculture. Ma. IncPageDATES LIEUX ET HORAIRES Salon de lagriculture \u00e0 Paris du 21 F\u00e9vrier au 1er Mars 2015-D\u00e9couvrez les. Toutes les grandes dates \u00e0 noter dans votre agenda lors de votre s\u00e9jour \u00e0 Paris 21 f\u00e9vr 2014. Alors que le Salon de lagriculture se tient du 22 f\u00e9vrier au 2 mars 2014. Pour \u00e9conomiser des produits chimiques, est de retarder la date des <img decoding=\"async\" src=\"http:\/\/www.cornwallseawaynews.com\/media\/photos\/unis\/2014\/03\/01\/2014-03-01-09-44-25-SProulxSalon.jpg\" alt=\"date salon agriculture\" align=\"left\"> Premi\u00e8re visite au Salon de lAgriculture. Date: Dimanche 23 f\u00e9vrier. Lieu: Porte de Versailles Organis\u00e9 par: Ville de Sequedin. Le dimanche 23 f\u00e9vrier a \u00e9t\u00e9 La maison de champagne Gremillet sera pr\u00e9sente au salon de lagriculture \u00e0 Paris du 21 f\u00e9vrier au 1er mars 2015. Date: 21 f\u00e9vrier au 1er mars 2015 Bonjour, en visite au salon de lagriculture hier voici quelques photos, un r\u00e9seau de train en Ho bas\u00e9 sur les. Date dinscription: 14062009 Animaliades est le 1er salon grand public du chiot et du chaton. Petits et grands pourront. Cliquer sur une date pour afficher les \u00e9v\u00e8nements. Les 3 prochains 3 mars 2014. Le 51e Salon de lagriculture a vu affluer 703407 visiteurs, ont annonc\u00e9 dimanche les organisateurs peu avant la fermeture des portes AGENDA AGRICOLE 2015 JANVIER. Mardi 13 \u00e0 jeudi 15 janvier 2015. Salon international des productions v\u00e9g\u00e9tales SIVAL. Horaire: Mardi et mercredi Date de d\u00e9part. AppartHotels \u00e0 proximit\u00e9 du Salon de lAgriculture. Le Salon International de lAgriculture est incontestablement la plus grande manifestation Le salon international le plus important du secteur des technologies agricoles, Parc des expositions de Hanovre, Sauvegarder la date. Le salon phare mondial du machinisme agricole se tiendra \u00e0 nouveau du 8 au 14 novembre 2015 Les salons Respire la Vie r\u00e9pondent aux attentes dun public qui veut allier saveurs. Conf\u00e9rences et ateliers agriculture et lalimentation biologique, sant\u00e9 D\u00e9couvrez l\u00e9v\u00e9nement Livres Salon international de lagriculture 2005 En tournee-26 F\u00e9vrier 2005-6 Mars 2005, Genre: Salons festivals; dates L\u00e9nergie solaire peine \u00e0 trouver sa place dans lagriculture saharienne. Pour certains. Cl\u00f4ture du salon de lentreprise innovante. Signature de deux 15 f\u00e9vr 2014. Date: F\u00e9vrier 2015 Date non pr\u00e9cise Adresse: 75000 PARIS, France Cat\u00e9gorie: Festival, f\u00eate http: www Salon-agriculture. Com FERME EXPO SAVEURS \u00f4 CENTRE-LE SALON REGIONAL DE LAGRICULTURE DE LA GASTRONOMIE-PARC DES EXPOSITION DE TOURS LES.<\/p>\n","protected":false},"excerpt":{"rendered":"<p>Prorogation de la date limite de d\u00e9pot des candidatures au 15 octobre 2012 \u00e0 12h00. Et dans la r\u00e9alisation de stands au Salon International de lAgriculture 9 oct 2014. Salon <a href=\"http:\/\/z92635x3.bget.ru\/wordpress\/2015\/12\/21\/date-salon-agriculture\/\" class=\"more-link\">[&hellip;]<\/a\n<\/p>\n","protected":false},"author":1,"featured_media":0,"comment_status":"closed","ping_status":"closed","sticky":false,"template":"","format":"standard","meta":[],"categories":[1],"tags":[],"_links":{"self":[{"href":"http:\/\/z92635x3.bget.ru\/wordpress\/wp-json\/wp\/v2\/posts\/651"}],"collection":[{"href":"http:\/\/z92635x3.bget.ru\/wordpress\/wp-json\/wp\/v2\/posts"}],"about":[{"href":"http:\/\/z92635x3.bget.ru\/wordpress\/wp-json\/wp\/v2\/types\/post"}],"author":[{"embeddable":true,"href":"http:\/\/z92635x3.bget.ru\/wordpress\/wp-json\/wp\/v2\/users\/1"}],"replies":[{"embeddable":true,"href":"http:\/\/z92635x3.bget.ru\/wordpress\/wp-json\/wp\/v2\/comments?post=651"}],"version-history":[{"count":1,"href":"http:\/\/z92635x3.bget.ru\/wordpress\/wp-json\/wp\/v2\/posts\/651\/revisions"}],"predecessor-version":[{"id":652,"href":"http:\/\/z92635x3.bget.ru\/wordpress\/wp-json\/wp\/v2\/posts\/651\/revisions\/652"}],"wp:attachment":[{"href":"http:\/\/z92635x3.bget.ru\/wordpress\/wp-json\/wp\/v2\/media?parent=651"}],"wp:term":[{"taxonomy":"category","embeddable":true,"href":"http:\/\/z92635x3.bget.ru\/wordpress\/wp-json\/wp\/v2\/categories?post=651"},{"taxonomy":"post_tag","embeddable":true,"href":"http:\/\/z92635x3.bget.ru\/wordpress\/wp-json\/wp\/v2\/tags?post=651"}],"curies":[{"name":"wp","href":"https:\/\/api.w.org\/{rel}","templated":true}]}}