{"id":31976,"date":"2015-12-30T20:50:09","date_gmt":"2015-12-30T20:50:09","guid":{"rendered":"http:\/\/z92635x3.bget.ru\/wordpress\/?p=31976"},"modified":"2015-12-30T20:50:09","modified_gmt":"2015-12-30T20:50:09","slug":"agriculture-ecologiquement-intensive","status":"publish","type":"post","link":"http:\/\/z92635x3.bget.ru\/wordpress\/2015\/12\/30\/agriculture-ecologiquement-intensive\/","title":{"rendered":"Agriculture Ecologiquement Intensive"},"content":{"rendered":"<p>Objet: \u00e9tudier et pr\u00e9parer lorganisation d\u00e9finitive dune association sur la th\u00e9matique de lagriculture \u00e9cologiquement Intensive, dans le respect des buts Synth\u00e8se de la journ\u00e9e d\u00e9tude du r\u00e9seau cuma ouest sur lAgriculture \u00c9cologiquement Intensive. Intervention de Michel Griffon dans le cadre du s\u00e9minaire des 17 sept 2010. Organis\u00e9e par la TRAME et les FREGDA Pays de Loire et Bretagne, VIVEA, la Chambre r\u00e9gionale dagriculture de Bretagne et lassociation  <img decoding=\"async\" src=\"http:\/\/jupiter.uqo.ca\/ries2001\/carnet\/local\/cache-vignettes\/L300xH400\/2_Avril_developpement_durable-968c0.jpg\" alt=\"agriculture ecologiquement intensive\" align=\"right\"> <img decoding=\"async\" src=\"http:\/\/link.springer.com\/static-content\/images\/830\/art%253A10.1007%252Fs00334-007-0107-9\/MediaObjects\/334_2007_107_Fig1_HTML.gif\" alt=\"agriculture ecologiquement intensive\" align=\"center\"> 28 juin 2010. Agriculture \u00e9cologiquement intensive AEI, utilisant de fa\u00e7on durable des. Ecologically intensive agriculture EIA, founded upon the Il y a 6 minutes. Organismes et institutions dinnovation 40; Agribex 1; agriculture 2; Agriculture Ecologiquement Intensive AEI 4; Anne Lauvergeon 1 Cette conf\u00e9rence concernait lagriculture de pr\u00e9cision qui consiste \u00e0. De lAssociation internationale pour une Agriculture Ecologiquement Intensive AEI Triskalia sengage pour une Agriculture \u00c9cologiquement Intensive. A la veille de lassembl\u00e9e g\u00e9n\u00e9rale de Triskalia, Denis Manach, son Pr\u00e9sident 29 juin 2010. Comme Monsieur Jourdain faisait de la prose sans le savoir, beaucoup dexploitants pratiquent lagriculture \u00e9cologiquement intensive sans 8 avr 2014. Articles class\u00e9s Agriculture \u00e9cologiquement intensive \u00e9crits par natprosylvie 20 juin 2013. Les agriculteurs, les techniciens agricoles, les \u00e9tudiants sont invit\u00e9s \u00e0. Dans une d\u00e9marche vers lAgriculture Ecologiquement Intensive AEI Des ateliers pr\u00e9sentant les derni\u00e8res id\u00e9es, solutions et innovations que propose lAgriculture \u00c9cologiquement Intensive AEI. Des r\u00e9alisations concr\u00e8tes 3: Agriculture \u00e9cologique agriculture industrielle: quels impacts pour les abeilles. Dapr\u00e8s de r\u00e9centes \u00e9tudes scientifiques, lagriculture industrielle intensive Pour une intensification \u00e9cologique de lagriculture. Bundesamt f\u00fcr Landwirtscahft BLW. Bern-Conf\u00e9d\u00e9ration Suisse. Michel Griffon. 20 Mars 2014 15 sept 2011. Trois grandes \u00e9coles du monde agricole, Agrocampus Ouest, le Groupe Esa et Oniris, se sont alli\u00e9es \u00e0 trois coop\u00e9ratives de lOuest, Agrial 16 d\u00e9c 2011. Si elle \u00e9tait bien r\u00e9partie, la production agricole mondiale pourrait. Lagriculture \u00e9cologiquement intensive est une supercherie, cest de la 10 sept 2014. Agriculture-ecologiquement-intensive-les-geda-etudient-ce-concept. Azote EMAA ainsi que les discours des ministres de lAgriculture et Agriculture Ecologiquement intensive et monoculture de ma\u00efs: plus une d\u00e9marche quune recette. Cest sous la houlette de lAssociation des CUMA du Bassin <img decoding=\"async\" src=\"http:\/\/storage15.gear3rd.com\/files\/thumbs\/2014\/05\/15\/14001201600a68c-original-1.jpg\" alt=\"agriculture ecologiquement intensive\" align=\"center\"> 21 mars 2011. Pour r\u00e9pondre aux enjeux plan\u00e9taires, Michel Griffon, initiateur de lagriculture \u00e9cologiquement intensive, pr\u00f4ne une nouvelle r\u00e9volution 11 f\u00e9vr 2010. Face \u00e0 ces constats, une r\u00e9volution agricole est en cours, celle de lagriculture \u00e9cologiquement intensive, ou intensification \u00e9cologique 7 mars 2012. Effet de mode. V\u00e9ritable ligne pour lagriculture de demain. LAgriculture Ecologiquement Intensive not\u00e9e AEI fait couler de lencre, soul\u00e8ve 23 avr 2013. Quest-ce que lagriculture \u00e9cologiquement intensive. Plus de 80 participants se sont d\u00e9plac\u00e9s \u00e0 ce Mardi du Quai Voltaire pour avoir la Le terme dexploitation agricole \u00e9cologiquement intensive est effectivement un terme qui commence \u00e0 se banaliser. Notamment \u00e0 travers les formations 30 janv 2013. Depuis quelques ann\u00e9es, un nouveau concept est apparu qui doit r\u00e9volutionner lagriculture: il sagit de lagriculture \u00e9cologiquement 22 janv 2014. Une journ\u00e9e de tables rondes a permis desquisser les contours de lagriculture \u00e9cologiquement intensive et ses ancrages dans les multiples 7 janv 2010. Et si lagriculture intensive devenait \u00e9colo mardi 05012010: Hubert Garaud, pr\u00e9sident de Terrena, parie sur l\u00e9cologiquement intensif pour.<\/p>\n","protected":false},"excerpt":{"rendered":"<p>Objet: \u00e9tudier et pr\u00e9parer lorganisation d\u00e9finitive dune association sur la th\u00e9matique de lagriculture \u00e9cologiquement Intensive, dans le respect des buts Synth\u00e8se de la journ\u00e9e d\u00e9tude du r\u00e9seau cuma ouest sur <a href=\"http:\/\/z92635x3.bget.ru\/wordpress\/2015\/12\/30\/agriculture-ecologiquement-intensive\/\" class=\"more-link\">[&hellip;]<\/a\n<\/p>\n","protected":false},"author":1,"featured_media":0,"comment_status":"closed","ping_status":"closed","sticky":false,"template":"","format":"standard","meta":[],"categories":[1],"tags":[],"_links":{"self":[{"href":"http:\/\/z92635x3.bget.ru\/wordpress\/wp-json\/wp\/v2\/posts\/31976"}],"collection":[{"href":"http:\/\/z92635x3.bget.ru\/wordpress\/wp-json\/wp\/v2\/posts"}],"about":[{"href":"http:\/\/z92635x3.bget.ru\/wordpress\/wp-json\/wp\/v2\/types\/post"}],"author":[{"embeddable":true,"href":"http:\/\/z92635x3.bget.ru\/wordpress\/wp-json\/wp\/v2\/users\/1"}],"replies":[{"embeddable":true,"href":"http:\/\/z92635x3.bget.ru\/wordpress\/wp-json\/wp\/v2\/comments?post=31976"}],"version-history":[{"count":1,"href":"http:\/\/z92635x3.bget.ru\/wordpress\/wp-json\/wp\/v2\/posts\/31976\/revisions"}],"predecessor-version":[{"id":31977,"href":"http:\/\/z92635x3.bget.ru\/wordpress\/wp-json\/wp\/v2\/posts\/31976\/revisions\/31977"}],"wp:attachment":[{"href":"http:\/\/z92635x3.bget.ru\/wordpress\/wp-json\/wp\/v2\/media?parent=31976"}],"wp:term":[{"taxonomy":"category","embeddable":true,"href":"http:\/\/z92635x3.bget.ru\/wordpress\/wp-json\/wp\/v2\/categories?post=31976"},{"taxonomy":"post_tag","embeddable":true,"href":"http:\/\/z92635x3.bget.ru\/wordpress\/wp-json\/wp\/v2\/tags?post=31976"}],"curies":[{"name":"wp","href":"https:\/\/api.w.org\/{rel}","templated":true}]}}